{"id":1297,"date":"2016-05-17T15:15:12","date_gmt":"2016-05-17T13:15:12","guid":{"rendered":"http:\/\/hyfac.fr\/?p=1297"},"modified":"2018-09-23T20:53:24","modified_gmt":"2018-09-23T18:53:24","slug":"lacne-et-le-tabac","status":"publish","type":"post","link":"https:\/\/hyfac.fr\/cs\/conseils-dermato\/1297-lacne-et-le-tabac\/","title":{"rendered":"Tab\u00e1k"},"content":{"rendered":"<h1>Co kou\u0159en\u00ed na akn\u00e9?<\/h1>\n<p><img loading=\"lazy\" class=\"alignright wp-image-1678\" src=\"http:\/\/hyfac.fr\/wp-content\/uploads\/2016\/05\/tabac-277x300.jpg\" alt=\"tab\u00e1k\" width=\"355\" height=\"385\" srcset=\"https:\/\/hyfac.fr\/wp-content\/uploads\/2016\/05\/tabac-277x300.jpg 277w, https:\/\/hyfac.fr\/wp-content\/uploads\/2016\/05\/tabac.jpg 625w\" sizes=\"(max-width: 355px) 100vw, 355px\" \/><\/p>\n<p style=\"text-align: justify;\">Tab\u00e1k \u0161kod\u00ed pleti, dnes v\u00edme, \u017ee podporuje p\u0159ed\u010dasn\u00e9 st\u00e1rnut\u00ed (s v\u00edce vr\u00e1skami a v\u00fdrazn\u011bj\u0161\u00edmi) a je zodpov\u011bdn\u00fd za matnou a nev\u00fdraznou ple\u0165.<\/p>\n<h2 style=\"text-align: justify;\">Le tabac favorise-t-il l&#8217;acn\u00e9?<\/h2>\n<p style=\"text-align: justify;\">Pokud jsou odpov\u011bdi na tuto ot\u00e1zku n\u011bkdy rozporupln\u00e9, studie ukazuj\u00ed, \u017ee by v kone\u010dn\u00e9m d\u016fsledku podporoval reten\u010dn\u00ed l\u00e9ze, tj. roz\u0161\u00ed\u0159en\u00e9 p\u00f3ry, \u010dern\u00e9 te\u010dky a mikrocysty, ale \u017ee by p\u016fsobil protiz\u00e1n\u011btliv\u011b, a tud\u00ed\u017e by chr\u00e1nil p\u0159ed tvorbou papul a pustul.<\/p>\n<p style=\"text-align: justify;\">Tab\u00e1k, a zejm\u00e9na nikotin v n\u011bm obsa\u017een\u00fd, zvy\u0161uje diferenciaci a proliferaci keratinocyt\u016f, tj. bun\u011bk k\u016f\u017ee. Vylu\u010dovac\u00ed kan\u00e1lky mazov\u00fdch \u017el\u00e1z se \"zrohovat\u00ed\" a zhrubnou, co\u017e br\u00e1n\u00ed toku ko\u017en\u00edho mazu a ucp\u00e1v\u00e1 p\u00f3ry: vznikaj\u00ed otev\u0159en\u00e9 komedony (\u010dern\u00e9 te\u010dky) a uzav\u0159en\u00e9 komedony (mikrocysty); celkov\u011b se ple\u0165 zhrubne a zmatn\u00ed.<\/p>\n<p>&nbsp;<\/p>\n<h2>Vliv kou\u0159en\u00ed na hojen\u00ed ran<\/h2>\n<p>&nbsp;<\/p>\n<p style=\"text-align: justify;\">To plat\u00ed zejm\u00e9na pro dosp\u00edvaj\u00edc\u00ed, ale i pro n\u011bkter\u00e9 dosp\u011bl\u00e9, u nich\u017e je akn\u00e9 podm\u00edn\u011bno jin\u00fdmi faktory, nap\u0159\u00edklad genetick\u00fdmi, <a href=\"https:\/\/hyfac.fr\/cs\/conseils-dermato\/1289-lacne-et-la-contraception\/\">hormon\u00e1ln\u00ed<\/a>, <a href=\"https:\/\/hyfac.fr\/cs\/conseils-dermato\/1287-lacne-et-lalimentation\/\">potraviny<\/a> nebo <a href=\"https:\/\/hyfac.fr\/cs\/conseils-dermato\/1291-lacne-et-le-stress\/\">stres<\/a>, le tabac appara\u00eet alors comme un cofacteur aggravant. De plus, il ralentit la cicatrisation et\u00a0 aggrave ainsi\u00a0 les marques et cicatrices d&#8217;acn\u00e9. La <strong>nikotin<\/strong>\u00a0 \u00e9tant une substance vasoconstrictrice, \u00a0elle r\u00e9duit l&#8217;afflux sanguin au niveau de la peau et freine ainsi \u00ab\u00a0l\u2019apport \u00a0de mol\u00e9cules r\u00e9paratrices \u00bb. Les marques d\u2019acn\u00e9, form\u00e9es notamment quand un bouton a \u00e9t\u00e9 perc\u00e9 ou excori\u00e9, s&#8217;effacent donc beaucoup plus lentement si l\u2019on fume\u2026<\/p>\n<p style=\"text-align: justify;\">Si le tabac semble avoir des cons\u00e9quences sur l&#8217;aggravation de l&#8217;acn\u00e9, ses effets n\u00e9fastes sur les l\u00e9sions inflammatoires pourraient d\u00e9pendre de la dose quotidienne fum\u00e9e. A forte dose (plus de 20 cigarettes par jour), le tabac aurait une action anti-inflammatoire en inhibant notamment la formation de prostaglandines et emp\u00eacherait la formation de \u00ab\u00a0boutons rouges. Mais cela ne veut surtout pas dire que le tabac est protecteur de l\u2019acn\u00e9 et rappelons nous qu\u2019il tue en France chaque ann\u00e9e environ 73000 personnes uniquement pas cancers sans compter les accidents cardiovasculaires.<\/p>\n<p style=\"text-align: justify;\">P\u0159esto\u017ee kou\u0159en\u00ed akn\u00e9 p\u0159\u00edmo nezp\u016fsobuje, zhor\u0161uje ho a podporuje tvorbu jizev.<\/p>\n<p style=\"text-align: justify;\">Dr. Aur\u00e9lie Acher - dermatolo\u017eka<\/p>","protected":false},"excerpt":{"rendered":"<p>Quid du tabac sur l\u2019acn\u00e9 Le tabac est n\u00e9faste sur la peau, on sait aujourd\u2019hui qu\u2019il en\u00a0 favorise le vieillissement pr\u00e9coce (avec des rides plus nombreuses et davantage marqu\u00e9es)\u00a0et qu\u2019il est responsable d\u2019un teint terne et brouill\u00e9. Le tabac favorise-t-il l&#8217;acn\u00e9? Si \u00e0 cette question les r\u00e9ponses sont parfois contradictoires, il en ressort des \u00e9tudes\u2026 <a class='lire-suite' href=\"https:\/\/hyfac.fr\/cs\/conseils-dermato\/1297-lacne-et-le-tabac\/\">P\u0159e\u010dt\u011bte si v\u00edce &gt;&gt;&gt;<\/a><\/p>","protected":false},"author":1,"featured_media":0,"comment_status":"closed","ping_status":"closed","sticky":false,"template":"","format":"standard","meta":{"_mi_skip_tracking":false,"spay_email":""},"categories":[81],"tags":[],"jetpack_featured_media_url":"","_links":{"self":[{"href":"https:\/\/hyfac.fr\/cs\/wp-json\/wp\/v2\/posts\/1297"}],"collection":[{"href":"https:\/\/hyfac.fr\/cs\/wp-json\/wp\/v2\/posts"}],"about":[{"href":"https:\/\/hyfac.fr\/cs\/wp-json\/wp\/v2\/types\/post"}],"author":[{"embeddable":true,"href":"https:\/\/hyfac.fr\/cs\/wp-json\/wp\/v2\/users\/1"}],"replies":[{"embeddable":true,"href":"https:\/\/hyfac.fr\/cs\/wp-json\/wp\/v2\/comments?post=1297"}],"version-history":[{"count":5,"href":"https:\/\/hyfac.fr\/cs\/wp-json\/wp\/v2\/posts\/1297\/revisions"}],"predecessor-version":[{"id":4852,"href":"https:\/\/hyfac.fr\/cs\/wp-json\/wp\/v2\/posts\/1297\/revisions\/4852"}],"wp:attachment":[{"href":"https:\/\/hyfac.fr\/cs\/wp-json\/wp\/v2\/media?parent=1297"}],"wp:term":[{"taxonomy":"category","embeddable":true,"href":"https:\/\/hyfac.fr\/cs\/wp-json\/wp\/v2\/categories?post=1297"},{"taxonomy":"post_tag","embeddable":true,"href":"https:\/\/hyfac.fr\/cs\/wp-json\/wp\/v2\/tags?post=1297"}],"curies":[{"name":"wp","href":"https:\/\/api.w.org\/{rel}","templated":true}]}}