{"id":4322,"date":"2018-03-09T23:37:13","date_gmt":"2018-03-09T22:37:13","guid":{"rendered":"https:\/\/hyfac.fr\/?p=4322"},"modified":"2018-09-23T20:53:22","modified_gmt":"2018-09-23T18:53:22","slug":"keratoses-actiniques-prevention","status":"publish","type":"post","link":"https:\/\/hyfac.fr\/de\/sos-dermato\/4322-keratoses-actiniques-prevention\/","title":{"rendered":"Aktinische Keratosen und Pr\u00e4vention"},"content":{"rendered":"<p><img loading=\"lazy\" class=\"aligncenter size-full wp-image-4372\" src=\"https:\/\/hyfac.fr\/wp-content\/uploads\/2018\/03\/banniere_site_hyfac_intro_themes2.jpg\" alt=\"aktinische Keratosen\" width=\"3554\" height=\"700\" srcset=\"https:\/\/hyfac.fr\/wp-content\/uploads\/2018\/03\/banniere_site_hyfac_intro_themes2.jpg 3554w, https:\/\/hyfac.fr\/wp-content\/uploads\/2018\/03\/banniere_site_hyfac_intro_themes2-300x59.jpg 300w, https:\/\/hyfac.fr\/wp-content\/uploads\/2018\/03\/banniere_site_hyfac_intro_themes2-1024x202.jpg 1024w\" sizes=\"(max-width: 3554px) 100vw, 3554px\" \/><\/p>\n<h1 style=\"text-align: center;\"><span style=\"color: #11568c;\"><strong>Was ist aktinische Keratose? Wie wird es behandelt?<\/strong><\/span><\/h1>\n<p>Unter dem komplizierten Namen Aktinische Keratose verbirgt sich eine der h\u00e4ufigsten Hauterkrankungen der Welt!<\/p>\n<p><img loading=\"lazy\" class=\"wp-image-4421 alignright\" src=\"https:\/\/hyfac.fr\/wp-content\/uploads\/2018\/03\/keratose-actinique-fotoker.jpeg\" alt=\"\" width=\"379\" height=\"271\" srcset=\"https:\/\/hyfac.fr\/wp-content\/uploads\/2018\/03\/keratose-actinique-fotoker.jpeg 388w, https:\/\/hyfac.fr\/wp-content\/uploads\/2018\/03\/keratose-actinique-fotoker-300x215.jpeg 300w\" sizes=\"(max-width: 379px) 100vw, 379px\" \/><\/p>\n<p align=\"justify\">Aktinische Keratosen sind <strong><span style=\"color: #11568c;\">kleine Flecken<\/span><\/strong> flach oder leicht erhaben (rosafarben, gelblich, manchmal braun), rau oder spr\u00f6de bei Ber\u00fchrung, oft mit einer kleinen anhaftenden \"Kruste\" bedeckt, mehr oder weniger dick. Sie kommen ausschlie\u00dflich auf dem <strong><span style=\"color: #11568c;\">Bereiche, die typischerweise <a href=\"https:\/\/hyfac.fr\/de\/sos-dermato\/4324-le-soleil-et-la-peau\/\">Sonne<\/a><\/span>\u00a0<\/strong>: Gesicht (Stirn, Ohr, Nase), Kopfhaut (bei kahlen Menschen), Hals, Dekollet\u00e9, Handr\u00fccken und manchmal auch an den Beinen.<\/p>\n<p align=\"justify\">Sie finden sich haupts\u00e4chlich bei Menschen mit <strong><span style=\"color: #11568c;\">helle Haut<\/span> <\/strong>(rot, blond, selten auf dunklen H\u00e4uten und nie auf schwarzen H\u00e4uten), die oft <span style=\"color: #11568c;\"><strong>dem Sonnenlicht ausgesetzt<\/strong><\/span>Sie werden entweder f\u00fcr die Freizeit oder f\u00fcr ihre berufliche T\u00e4tigkeit genutzt (Segler, Landwirte, Sportler, Bauarbeiter usw.).<\/p>\n<p align=\"justify\">L'<a href=\"https:\/\/hyfac.fr\/de\/sos-dermato\/4324-le-soleil-et-la-peau\/\">Sonneneinstrahlung<\/a> w\u00e4hrend des Sommers ist nicht der einzige Risikofaktor. Wer sich regelm\u00e4\u00dfig im Freien aufh\u00e4lt und das ganze Jahr \u00fcber, auch bei bew\u00f6lktem Himmel, der Sonneneinstrahlung ausgesetzt ist, hat ein erhebliches Risiko, aktinische Keratosen zu entwickeln.<\/p>\n<p><strong>\u00a0<\/strong><\/p>\n<h2><span style=\"color: #11568c;\"><strong>Wie entstehen aktinische Keratosen?<\/strong><\/span><\/h2>\n<p align=\"justify\">Je \u00e4lter die Haut wird, desto mehr aktinische Keratosen treten auf. Die Haut erinnert sich ein Leben lang an Sonneneinstrahlung <a href=\"https:\/\/hyfac.fr\/de\/sos-dermato\/4324-le-soleil-et-la-peau\/\">(Sonnenhauptstadt)<\/a>. Es ist daher meist <strong><span style=\"color: #11568c;\">nach 50 Jahren<\/span><\/strong> dass aktinische Keratosen auftreten. Dies wird oft begleitet von einem <strong><span style=\"color: #11568c;\">Hautalterung<\/span><\/strong> an exponierten Stellen. Die Haut wird d\u00fcnner, es bilden sich feine Linien und kleine Pigmentflecken im Gesicht, Dekollet\u00e9 und auf den Handr\u00fccken.<\/p>\n<p align=\"justify\">Die UV-Strahlen der Sonne greifen die DNA der Hautzellen an und verursachen langfristig Mutationen in den Genen dieser Zellen. Dies kann zur Entwicklung von <strong><span style=\"color: #11568c;\">Krebszellen<\/span><\/strong>.<\/p>\n<p>&nbsp;<\/p>\n<h2><span style=\"color: #11568c;\"><strong>Sind aktinische Keratosen Hautkrebs?<\/strong><\/span><\/h2>\n<p align=\"justify\">Aktinische Keratosen sind nicht nur ein kosmetisches Problem und m\u00fcssen sehr ernsthaft von einem Dermatologen behandelt werden. Ihr Vorhandensein bedeutet, dass die Haut unter einer <strong><span style=\"color: #11568c;\">chronische Sonnenexposition<\/span><\/strong>. In den von aktinischen Keratosen betroffenen Bereichen der Haut besteht ein erh\u00f6htes Risiko, Krebs zu entwickeln. Nicht alle aktinischen Keratosen entwickeln sich zu Hautkrebs, sondern nur einige von ihnen.<\/p>\n<p align=\"justify\">Aktinische Keratosen sind dann eine <strong><span style=\"color: #11568c;\">rote Flagge<\/span><\/strong> was zu einem systematischen Schutz bei Aktivit\u00e4ten im Freien f\u00fchren sollte.<\/p>\n<p>&nbsp;<\/p>\n<h2><span style=\"color: #11568c;\"><strong>Wie behandelt man aktinische Keratosen?<\/strong><\/span><\/h2>\n<p align=\"justify\">Dermatologen sehen h\u00e4ufig Patienten mit aktinischen Keratosen in der Sprechstunde. Es gibt verschiedene M\u00f6glichkeiten, sie zu zerst\u00f6ren. Die Zerst\u00f6rung von aktinischen Keratosen ist jedoch nicht ausreichend, es ist daher notwendig, die <strong><span style=\"color: #11568c;\">ihr Auftreten verhindern<\/span><\/strong>. Heute gibt es Apotheken, die verkaufen <a href=\"https:\/\/hyfac.fr\/de\/nos-gammes\/fotoker-creme-dermatologique\/\">Pr\u00e4ventionsprodukte<\/a> die nicht nur Sonnenschutzmittel sind, sondern die es erm\u00f6glichen <strong><span style=\"color: #11568c;\">Schaden reparieren<\/span><\/strong> Dies ist besonders wichtig f\u00fcr Patienten mit heller Haut. Diese Vorbeugung ist besonders wichtig f\u00fcr Patienten mit hellem Teint.<\/p>\n<p align=\"justify\">Sie sollten sich auch dar\u00fcber im Klaren sein, dass der Aufenthalt in der Sonne nicht immer freiwillig ist. Alle <a href=\"https:\/\/hyfac.fr\/de\/sos-dermato\/4324-le-soleil-et-la-peau\/\">Sonnenstrahlen<\/a> uns nicht aufw\u00e4rmen. UV-Strahlen sind kalt, daher f\u00fchlen wir uns nicht warm, wenn wir den UV-Strahlen ausgesetzt sind. Zum Beispiel sind wir uns nicht unbedingt bewusst, dass wir exponiert sind, wenn es im M\u00e4rz bew\u00f6lkt ist. Allerdings ist die H\u00e4ufigkeit von aktinischen Keratosen in der Normandie gr\u00f6\u00dfer als an der Mittelmeerk\u00fcste. Normannen haben eine hellere Haut und scheuen sich nicht vor der Sonne, auch wenn das Wetter k\u00fchl ist. Daher ist es wichtig, dass <a href=\"https:\/\/hyfac.fr\/de\/sos-dermato\/4323-protection-et-creme-solaire-bien-proteger-sa-peau-face-au-soleil-hyfac\/\">Sch\u00fctzen Sie Ihre Haut<\/a>Wir k\u00f6nnen auch die exponierten Bereiche des Gesichts und der H\u00e4nde sch\u00fctzen, indem wir t\u00e4glich Sonnenschutzprodukte (gegen UVA und UVB) verwenden, wenn wir nach drau\u00dfen gehen!<\/p>\n<p>&nbsp;<\/p>\n<hr \/>","protected":false},"excerpt":{"rendered":"<p>Was ist aktinische Keratose? Wie wird es behandelt? Aktinische Keratose ist ein komplizierter Name f\u00fcr eine der h\u00e4ufigsten Hautkrankheiten der Welt! Aktinische Keratosen sind kleine flache oder leicht erhabene Flecken (rosafarben, gelblich, manchmal braun), die sich rau oder rau anf\u00fchlen und oft mit einer kleinen anhaftenden \"Kruste\" bedeckt sind, die mehr oder weniger dick ist als die Haut. <a class='lire-suite' href=\"https:\/\/hyfac.fr\/de\/sos-dermato\/4322-keratoses-actiniques-prevention\/\">Mehr lesen &gt;&gt;&gt;<\/a><\/p>","protected":false},"author":1,"featured_media":4342,"comment_status":"closed","ping_status":"closed","sticky":false,"template":"","format":"en-passant","meta":{"_mi_skip_tracking":false,"spay_email":""},"categories":[86],"tags":[],"jetpack_featured_media_url":"https:\/\/hyfac.fr\/wp-content\/uploads\/2018\/03\/banniere_carree_site_hyfac_intro_themes2.jpg","_links":{"self":[{"href":"https:\/\/hyfac.fr\/de\/wp-json\/wp\/v2\/posts\/4322"}],"collection":[{"href":"https:\/\/hyfac.fr\/de\/wp-json\/wp\/v2\/posts"}],"about":[{"href":"https:\/\/hyfac.fr\/de\/wp-json\/wp\/v2\/types\/post"}],"author":[{"embeddable":true,"href":"https:\/\/hyfac.fr\/de\/wp-json\/wp\/v2\/users\/1"}],"replies":[{"embeddable":true,"href":"https:\/\/hyfac.fr\/de\/wp-json\/wp\/v2\/comments?post=4322"}],"version-history":[{"count":19,"href":"https:\/\/hyfac.fr\/de\/wp-json\/wp\/v2\/posts\/4322\/revisions"}],"predecessor-version":[{"id":5047,"href":"https:\/\/hyfac.fr\/de\/wp-json\/wp\/v2\/posts\/4322\/revisions\/5047"}],"wp:featuredmedia":[{"embeddable":true,"href":"https:\/\/hyfac.fr\/de\/wp-json\/wp\/v2\/media\/4342"}],"wp:attachment":[{"href":"https:\/\/hyfac.fr\/de\/wp-json\/wp\/v2\/media?parent=4322"}],"wp:term":[{"taxonomy":"category","embeddable":true,"href":"https:\/\/hyfac.fr\/de\/wp-json\/wp\/v2\/categories?post=4322"},{"taxonomy":"post_tag","embeddable":true,"href":"https:\/\/hyfac.fr\/de\/wp-json\/wp\/v2\/tags?post=4322"}],"curies":[{"name":"wp","href":"https:\/\/api.w.org\/{rel}","templated":true}]}}