{"id":4324,"date":"2018-03-12T23:37:19","date_gmt":"2018-03-12T22:37:19","guid":{"rendered":"https:\/\/hyfac.fr\/?p=4324"},"modified":"2018-09-23T20:53:21","modified_gmt":"2018-09-23T18:53:21","slug":"le-soleil-et-la-peau","status":"publish","type":"post","link":"https:\/\/hyfac.fr\/de\/sos-dermato\/4324-le-soleil-et-la-peau\/","title":{"rendered":"Die Sonne und die Haut"},"content":{"rendered":"<p><img loading=\"lazy\" class=\"aligncenter size-full wp-image-4370\" src=\"https:\/\/hyfac.fr\/wp-content\/uploads\/2018\/03\/banniere_site_hyfac_intro_themes_solaire_4.jpg\" alt=\"die Sonne und die Haut\" width=\"3554\" height=\"700\" srcset=\"https:\/\/hyfac.fr\/wp-content\/uploads\/2018\/03\/banniere_site_hyfac_intro_themes_solaire_4.jpg 3554w, https:\/\/hyfac.fr\/wp-content\/uploads\/2018\/03\/banniere_site_hyfac_intro_themes_solaire_4-300x59.jpg 300w, https:\/\/hyfac.fr\/wp-content\/uploads\/2018\/03\/banniere_site_hyfac_intro_themes_solaire_4-1024x202.jpg 1024w\" sizes=\"(max-width: 3554px) 100vw, 3554px\" \/><\/p>\n<h1 style=\"text-align: center; color: #fd4700;\">Die Folgen von Sonneneinstrahlung f\u00fcr die Haut<\/h1>\n<p align=\"justify\">Die Sonnenstrahlen sind f\u00fcr die Entwicklung unseres K\u00f6rpers unerl\u00e4sslich. Sie helfen, Kalzium in den Knochen zu fixieren und beeinflussen unsere Moral. Die wichtigste positive Wirkung der Sonne ist die <strong><span style=\"color: #fd4700;\">W\u00e4rme<\/span><\/strong> die es uns bietet. Diese W\u00e4rme wird durch die Energie geliefert, die die Infrarotstrahlung des Sonnenlichts liefert. Die Sonne w\u00e4rmt uns auf, aber diese Erw\u00e4rmung darf nicht zu stark sein, um nicht zu einem Sonnenstich zu f\u00fchren. Die Sonne kann zu einem Feind f\u00fcr unsere Haut und Augen werden. Es ist daher erforderlich, dass <strong><span style=\"color: #fd4700;\">Belichten Sie sich mit Sorgfalt<\/span><\/strong>und sich der mit der Sonnenexposition verbundenen Risiken voll bewusst.<\/p>\n<p>&nbsp;<\/p>\n<h2><span style=\"color: #fd4700;\"><strong>Was ist Sonneneinstrahlung?<\/strong><\/span><\/h2>\n<p align=\"justify\">Die Sonnenexposition umfasst alle Arten, wie eine Person die Sonnenstrahlen auf die Haut bekommt, egal ob sie freiwillig, unbewusst oder ungewollt ist. Es beschr\u00e4nkt sich also nicht auf das Sonnenbaden am Strand im Sommer!<\/p>\n<p align=\"justify\">Wir sind der Sonne ausgesetzt, wenn wir drau\u00dfen arbeiten, Sport treiben, spazieren gehen usw. Wir sind uns nicht immer bewusst, dass wir ihr ausgesetzt sind. Wir sind uns nicht immer bewusst, dass wir ausgesetzt sind. Auf einem Boot z. B. k\u00fchlt der Wind die Haut, so dass die Hitze nicht mehr als Alarm wirkt.<\/p>\n<p align=\"justify\">Sonnenexposition kann sein <strong><span style=\"color: #fd4700;\">akut<\/span><\/strong> (intensive Exposition, die zu Sonnenbrand f\u00fchrt), <strong><span style=\"color: #fd4700;\">intermittierend<\/span><\/strong> (diejenige, die unseren Freizeitgewohnheiten entspricht, z. B. im Urlaub) oder <strong><span style=\"color: #fd4700;\">Chronik<\/span><\/strong> (dies ist z. B. bei exponierten Berufen wie Landwirten oder Bauarbeitern der Fall). Letzteres ist ein wichtiger Risikofaktor f\u00fcr <a href=\"https:\/\/hyfac.fr\/de\/sos-dermato\/4322-keratoses-actiniques-et-prevention\/\"><u>aktinische Keratosen<\/u><\/a>.<\/p>\n<p>&nbsp;<\/p>\n<h2><span style=\"color: #fd4700;\"><strong>Was ist in den Sonnenstrahlen enthalten?<\/strong><\/span><\/h2>\n<p align=\"justify\">Sonnenlicht, ob sichtbar oder unsichtbar, ist, wie Radiowellen, durch seine <strong><span style=\"color: #fd4700;\">Wellenl\u00e4nge<\/span><\/strong>. Das Sonnenlicht, das die Erde erreicht, umfasst ultraviolettes (unsichtbares), sichtbares und infrarotes (unsichtbares) Licht.<\/p>\n<p align=\"justify\">Sichtbares Licht hat eine Wellenl\u00e4nge zwischen 400 und 700 Nanometern. Oberhalb dieses Wertes liegen die Infrarotstrahlen (die uns auf der Caf\u00e9terrasse w\u00e4rmen), und unterhalb von 400 Nanometern liegen die <strong><span style=\"color: #fd4700;\">Strahlen<\/span> <span style=\"color: #fd4700;\">ultraviolett<\/span><\/strong>. Sie sind kalt und f\u00fcr das blo\u00dfe Auge unsichtbar, daher ihre Gefahr.<\/p>\n<p><img loading=\"lazy\" class=\"size-full wp-image-4418 alignright\" src=\"https:\/\/hyfac.fr\/wp-content\/uploads\/2018\/03\/effets-soleil-peau-uv-hyfac.png\" alt=\"\" width=\"487\" height=\"414\" srcset=\"https:\/\/hyfac.fr\/wp-content\/uploads\/2018\/03\/effets-soleil-peau-uv-hyfac.png 487w, https:\/\/hyfac.fr\/wp-content\/uploads\/2018\/03\/effets-soleil-peau-uv-hyfac-300x255.png 300w\" sizes=\"(max-width: 487px) 100vw, 487px\" \/><\/p>\n<p align=\"justify\">Ultraviolette Strahlen (UV-Strahlen) setzen sich aus UVA-, UVB- und UVC-Strahlen zusammen. Von allen ultravioletten Strahlen, die wir von der Sonne erhalten, sind 95% <strong><span style=\"color: #fd4700;\">UVA<\/span><\/strong> und 5% von <strong><span style=\"color: #fd4700;\">UVB<\/span><\/strong>. UVC, das aggressivste, wird von der Ozonschicht aufgehalten und erreicht daher nicht die Erde. UVA- und B-Strahlen erreichen die Erde und dringen je nach Wellenl\u00e4nge bis zu einer bestimmten Tiefe in die Haut ein.<\/p>\n<p align=\"justify\">UVA-Strahlen haben eine l\u00e4ngere Wellenl\u00e4nge als UVB-Strahlen: Sie durchdringen Glas, dringen tief in die Haut ein (bis zur Dermis) und beschleunigen die <strong><span style=\"color: #fd4700;\">Hautalterung<\/span><\/strong>. UVB-Strahlen sind energiereicher, sie werden an der Basis der Epidermis durch Melanin gestoppt (<a href=\"https:\/\/hyfac.fr\/de\/sos-dermato\/4328-hyperpigmentation-taches-cutanees-cicatrices-dacne-que-faire-hyfac\/\">Hautpigmentzellen<\/a>), verursachen die <strong><span style=\"color: #fd4700;\">Sonnenbr\u00e4nde<\/span><\/strong> und ver\u00e4ndern die DNA der Epidermiszellen (Keratinozyten und Melanozyten). Sie partizipieren damit an der <a href=\"https:\/\/hyfac.fr\/de\/sos-dermato\/4322-keratoses-actiniques-prevention\/\">Karzinogenese<\/a> (Karzinome und Melanome).<\/p>\n<p>Je k\u00fcrzer die Wellenl\u00e4nge einer Strahlung ist, desto h\u00f6her ist ihre Energie, aber desto weniger durchdringt sie Hindernisse.<\/p>\n<p>&nbsp;<\/p>\n<h2><span style=\"color: #fd4700;\"><strong>Was ist Sonnenkapital?<\/strong><\/span><\/h2>\n<p align=\"justify\">Die Haut merkt sich die verschiedenen Kontakte mit UV-Strahlen, das ist das sogenannte \"Sonnenkapital\". Sonneneinstrahlung ist daher ein <strong><span style=\"color: #fd4700;\">kumulatives Ph\u00e4nomen<\/span><\/strong>. Die kumulative UV-Exposition f\u00fchrt zur Hautalterung und erh\u00f6ht gleichzeitig das Risiko von Hautkrebs.<\/p>\n<blockquote>\n<p align=\"justify\">Es ist die Sonne, die unsere Haut altern l\u00e4sst: Falten, Flecken, Verlust von Elastizit\u00e4t und Festigkeit sind die Folge der Einwirkung von ultravioletten Strahlen auf die Haut.<\/p>\n<\/blockquote>\n<p>&nbsp;<\/p>\n<h2><span style=\"color: #fd4700;\"><strong>Was sind die positiven Wirkungen der Sonne?<\/strong><\/span><\/h2>\n<p align=\"justify\">Die Sonne kann eine ausgezeichnete Behandlung f\u00fcr einige Formen von <strong><span style=\"color: #fd4700;\">saisonale Tiefstst\u00e4nde<\/span><\/strong>Diese Symptome werden haupts\u00e4chlich von Frauen erlebt. Die Betroffenen erleben M\u00fcdigkeit, Verlust des Interesses am t\u00e4glichen Leben und ein starkes Schlafbed\u00fcrfnis. SAD beginnt normalerweise im September, nimmt im Winter zu und verbessert sich im Fr\u00fchjahr. Diese Symptome verschwinden, wenn die Sonne zur\u00fcckkehrt. Das vom Auge empfangene Licht scheint Signale direkt an die Epiphyse, eine kleine Dr\u00fcse an der Basis des Gehirns, zu senden, die die Sekretion von Melatonin beeinflussen w\u00fcrden.<\/p>\n<p align=\"justify\">Die Sonne, insbesondere das UV-Licht, tr\u00e4gt ebenfalls zur <strong><span style=\"color: #fd4700;\">Synthese von Vitamin D1<\/span><\/strong>Es ist essentiell f\u00fcr die Fixierung von Calcium in den Knochen. In der Tat erh\u00f6ht es die Aufnahmekapazit\u00e4t von Kalzium und Phosphor durch den Darm. Ein auch im Sommer bedeckter Himmel reicht aus, um die Synthese dieses Vitamins zu gew\u00e4hrleisten. Es ist wichtig, um Rachitis und Osteoporose zu verhindern. Es wird von der<a href=\"https:\/\/hyfac.fr\/de\/conseils-dermato\/1287-lacne-et-lalimentation\/\">Netzger\u00e4t<\/a> (Fisch, Pilze), aber diese Nahrungsaufnahme ist nicht immer ausreichend. Die empfohlene Tagesdosis wird je nach Hauttyp moduliert und in <a href=\"https:\/\/hyfac.fr\/de\/sos-dermato\/4328-hyperpigmentation-taches-cutanees-cicatrices-dacne-que-faire-hyfac\/\">pigmentierte H\u00e4ute<\/a> oder Personen, die in sonnenarmen Breitengraden leben, muss die Zufuhr erh\u00f6ht werden. Laut einem Bericht der AFSSAPS<sup>(1)<\/sup> Mai 2005, zehn bis f\u00fcnfzehn Minuten Sonnenbestrahlung mindestens zweimal pro Woche auf Gesicht, Armen, H\u00e4nden und R\u00fccken, ohne <a href=\"https:\/\/hyfac.fr\/de\/sos-dermato\/4323-protection-et-creme-solaire-bien-proteger-sa-peau-face-au-soleil-hyfac\/\">Sonnenschutzmittel<\/a>sind in der Regel ausreichend f\u00fcr eine ausreichende Vitamin-D-Synthese.<\/p>\n<p>&nbsp;<\/p>\n<h2><span style=\"color: #fd4700;\"><strong>Was sind die Risiken der Sonneneinstrahlung? <\/strong><\/span><\/h2>\n<p align=\"justify\">Zun\u00e4chst einmal ein <strong><span style=\"color: #fd4700;\">Sonnenbrand<\/span><\/strong> ist, abgesehen von seinem schmerzhaften Aspekt, eine wichtige Aggression f\u00fcr die Haut. Sonnenbrand, insbesondere bei Kindern, erh\u00f6ht das Risiko, eine <strong><span style=\"color: #fd4700;\">Melanom<\/span><\/strong> (schwerer Krebs, der sich aus Pigmentzellen in der Epidermis entwickelt).<\/p>\n<p align=\"justify\">In den fr\u00fchen Stadien, die zur Entwicklung von Hautkrebs f\u00fchren, sind die Ver\u00e4nderungen der Haut klinisch nicht sichtbar. Diese Ver\u00e4nderungen sind zun\u00e4chst nur biologisch auf der Ebene der Gene. Aber sie werden sp\u00e4ter sichtbar, mit dem Auftreten von <a href=\"https:\/\/hyfac.fr\/de\/sos-dermato\/4328-hyper-pigmentation\/\">dunkle Flecken<\/a>oder <a href=\"https:\/\/hyfac.fr\/de\/sos-dermato\/4322-keratoses-actiniques-et-prevention\/\">kleine, raue Stellen mit Trockenheit<\/a> auf dem Gesicht. Es ist notwendig, einen Dermatologen aufzusuchen, sobald diese ersten Symptome auftreten, die Vorstufen eines Hautkrebses sein k\u00f6nnen.<\/p>\n<p align=\"justify\">Wenn wir uns regelm\u00e4\u00dfig exponieren, ohne <a href=\"https:\/\/hyfac.fr\/de\/nos-gammes\/fotoker-creme-dermatologique\/\">Schutz<\/a>Dies kann zur Entstehung von Hautkrebs f\u00fchren, insbesondere im Gesicht und an den am meisten exponierten K\u00f6rperstellen.<\/p>\n<p>&nbsp;<\/p>\n<h2><span style=\"color: #fd4700;\"><strong>Wie erkennt man Risikosituationen?<\/strong><\/span><\/h2>\n<ul>\n<li>Gef\u00e4hrlichste Stunden: zwischen 12 Uhr und 16 Uhr (Sommerzeit)<\/li>\n<li>Nachhall (Gras 10%, Sand 15%, Wasser 20%, Schnee 85%)<\/li>\n<li>In den Bergen: H\u00f6he und Schnee erh\u00f6hen die UV-Belastung von Haut und Augen<\/li>\n<li>Auf einem Boot: Das Deck, die Segel und der Schaum reflektieren gro\u00dfe Mengen an UV. Der Wind und die Gischt des Meeres erfrischen die Haut und geben ein falsches Gef\u00fchl der Sicherheit<\/li>\n<li>UV-Kabinen<\/li>\n<\/ul>\n<p>&nbsp;<\/p>\n<p><em>(1) AFSSAPS: Franz\u00f6sische Agentur f\u00fcr die Sicherheit von Gesundheitsprodukten<\/em><\/p>\n<p>&nbsp;<\/p>\n<hr \/>","protected":false},"excerpt":{"rendered":"<p>Die Folgen von Sonneneinstrahlung auf die Haut Sonnenstrahlen sind f\u00fcr die Entwicklung unseres K\u00f6rpers unerl\u00e4sslich. Sie helfen bei der Einlagerung von Kalzium in die Knochen und beeinflussen unsere Stimmung. Die wichtigste positive Wirkung der Sonne ist die W\u00e4rme, die sie uns spendet. Diese W\u00e4rme wird durch die Energie gew\u00e4hrleistet, die von den... <a class='lire-suite' href=\"https:\/\/hyfac.fr\/de\/sos-dermato\/4324-le-soleil-et-la-peau\/\">Mehr lesen &gt;&gt;&gt;<\/a><\/p>","protected":false},"author":1,"featured_media":4344,"comment_status":"closed","ping_status":"closed","sticky":false,"template":"","format":"en-passant","meta":{"_mi_skip_tracking":false,"spay_email":""},"categories":[86],"tags":[],"jetpack_featured_media_url":"https:\/\/hyfac.fr\/wp-content\/uploads\/2018\/03\/banniere_carree_site_hyfac_intro_themes4.jpg","_links":{"self":[{"href":"https:\/\/hyfac.fr\/de\/wp-json\/wp\/v2\/posts\/4324"}],"collection":[{"href":"https:\/\/hyfac.fr\/de\/wp-json\/wp\/v2\/posts"}],"about":[{"href":"https:\/\/hyfac.fr\/de\/wp-json\/wp\/v2\/types\/post"}],"author":[{"embeddable":true,"href":"https:\/\/hyfac.fr\/de\/wp-json\/wp\/v2\/users\/1"}],"replies":[{"embeddable":true,"href":"https:\/\/hyfac.fr\/de\/wp-json\/wp\/v2\/comments?post=4324"}],"version-history":[{"count":13,"href":"https:\/\/hyfac.fr\/de\/wp-json\/wp\/v2\/posts\/4324\/revisions"}],"predecessor-version":[{"id":5045,"href":"https:\/\/hyfac.fr\/de\/wp-json\/wp\/v2\/posts\/4324\/revisions\/5045"}],"wp:featuredmedia":[{"embeddable":true,"href":"https:\/\/hyfac.fr\/de\/wp-json\/wp\/v2\/media\/4344"}],"wp:attachment":[{"href":"https:\/\/hyfac.fr\/de\/wp-json\/wp\/v2\/media?parent=4324"}],"wp:term":[{"taxonomy":"category","embeddable":true,"href":"https:\/\/hyfac.fr\/de\/wp-json\/wp\/v2\/categories?post=4324"},{"taxonomy":"post_tag","embeddable":true,"href":"https:\/\/hyfac.fr\/de\/wp-json\/wp\/v2\/tags?post=4324"}],"curies":[{"name":"wp","href":"https:\/\/api.w.org\/{rel}","templated":true}]}}