{"id":5122,"date":"2018-07-24T10:08:21","date_gmt":"2018-07-24T08:08:21","guid":{"rendered":"https:\/\/hyfac.fr\/?p=5122"},"modified":"2018-09-28T10:09:05","modified_gmt":"2018-09-28T08:09:05","slug":"claire-active-mask-hyfac-woman","status":"publish","type":"post","link":"https:\/\/hyfac.fr\/en\/actualites\/5122-claire-active-mask-hyfac-woman\/","title":{"rendered":"Video : Acne after 20: how to get rid of it?"},"content":{"rendered":"<p>&nbsp;<\/p>\n<h1 style=\"text-align: center;\">Claire talks about the Active Mask Hyfac Woman<\/h1>\n<p style=\"text-align: center;\">Claire, de la cha\u00eene Youtube &#8220;<a href=\"http:\/\/lemondeselonclaire.com\">The world according to Claire<\/a>&#8220;,\u00a0a test\u00e9 l\u2019<a href=\"https:\/\/hyfac.fr\/en\/nos-gammes\/hyfac-woman\/active-mask\/\">Active Mask Hyfac Woman<\/a>. Elle l&#8217;a ador\u00e9 et elle le recommande \u00e0 100% pour les peaux \u00e0 imperfections! Elle partage ses avis sur <a href=\"https:\/\/hyfac.fr\/en\/\">Hyfac<\/a> in his video \"\u00a0<a href=\"https:\/\/www.youtube.com\/watch?v=nDdmXxhfIjg&amp;t=133s\">Acn\u00e9 apr\u00e8s 20 ans : comment s&#8217;en d\u00e9barasser ?<\/a> \"<\/p>\n<p><img loading=\"lazy\" class=\"aligncenter size-full wp-image-5123\" src=\"https:\/\/hyfac.fr\/wp-content\/uploads\/2018\/07\/Capture-d\u2019\u00e9cran-2018-07-24-\u00e0-08.51.41.png\" alt=\"clear-the-world-according\" width=\"641\" height=\"360\" srcset=\"https:\/\/hyfac.fr\/wp-content\/uploads\/2018\/07\/Capture-d\u2019\u00e9cran-2018-07-24-\u00e0-08.51.41.png 641w, https:\/\/hyfac.fr\/wp-content\/uploads\/2018\/07\/Capture-d\u2019\u00e9cran-2018-07-24-\u00e0-08.51.41-300x168.png 300w\" sizes=\"(max-width: 641px) 100vw, 641px\" \/><\/p>\n<blockquote>\n<p style=\"text-align: center;\"><em>\"It's a product that I've been testing for several weeks and I'm really, really happy with it! \"<\/em><\/p>\n<\/blockquote>\n<p>Check out his video: <a href=\"https:\/\/www.youtube.com\/watch?v=nDdmXxhfIjg&amp;t=133s\">Acn\u00e9 apr\u00e8s 20 ans : comment s&#8217;en d\u00e9barasser ?<\/a><\/p>\n<h2>Who is Claire?<\/h2>\n<p>Claire, is a young 26 year old Parisian. Being a digital influencer, she has made her passion her job and it seems to delight her. She evolves on different platforms and social networks where she shares and exchanges her desires and passions with her community.<\/p>\n<h2>And his chain...?<\/h2>\n<p>Claire embarked on her youtube adventure by creating her blog, the world according to Claire, in 2014. She has always had a real passion for fashion and beauty and is inspired daily to share content on her channel, blog and social networks.<\/p>\n<p>Claire likes to share her shopping tips, her beauty and sports advice and her wellness tips with her community.<\/p>\n<h2>Her opinion on Active Mask<span class=\"Apple-converted-space\">\u00a0<\/span><\/h2>\n<h3>Its advantages<\/h3>\n<ul>\n<li>2 active ingredients that act at the heart of the sebaceous gland<\/li>\n<li>First results after 2 weeks of use<\/li>\n<li>Non-greasy gel texture<\/li>\n<li>You can sleep with the mask on without any problem<\/li>\n<li>Gel texture does not hurt, does not dry out the skin at all<\/li>\n<li>Very easy to use<\/li>\n<li>No side effects<\/li>\n<\/ul>\n<h2>To follow it<\/h2>\n<ul>\n<li><a href=\"https:\/\/www.facebook.com\/lemondeselonclaire\/\">The Facebook page<\/a><\/li>\n<li><a href=\"https:\/\/www.instagram.com\/lemondeselonclaire\/\">The Instagram page<\/a><\/li>\n<li><a href=\"https:\/\/twitter.com\/lmsclaire\">The Twitter page<\/a><\/li>\n<li><a href=\"http:\/\/lemondeselonclaire.com\">His blog<\/a><\/li>\n<\/ul>","protected":false},"excerpt":{"rendered":"<p>&nbsp; Claire vous parle de l\u2019Active Mask Hyfac Woman Claire, de la cha\u00eene Youtube &#8220;Le monde selon Claire&#8220;,\u00a0a test\u00e9 l\u2019Active Mask Hyfac Woman. Elle l&#8217;a ador\u00e9 et elle le recommande \u00e0 100% pour les peaux \u00e0 imperfections! Elle partage ses avis sur Hyfac dans sa vid\u00e9o \u00ab\u00a0Acn\u00e9 apr\u00e8s 20 ans : comment s&#8217;en d\u00e9barasser ?\u2026 <a class='lire-suite' href=\"https:\/\/hyfac.fr\/en\/actualites\/5122-claire-active-mask-hyfac-woman\/\">Read more &gt;&gt;&gt;<\/a><\/p>","protected":false},"author":1,"featured_media":5123,"comment_status":"closed","ping_status":"open","sticky":false,"template":"","format":"standard","meta":{"_mi_skip_tracking":false,"spay_email":""},"categories":[1,32],"tags":[],"jetpack_featured_media_url":"https:\/\/hyfac.fr\/wp-content\/uploads\/2018\/07\/Capture-d\u2019\u00e9cran-2018-07-24-\u00e0-08.51.41.png","_links":{"self":[{"href":"https:\/\/hyfac.fr\/en\/wp-json\/wp\/v2\/posts\/5122"}],"collection":[{"href":"https:\/\/hyfac.fr\/en\/wp-json\/wp\/v2\/posts"}],"about":[{"href":"https:\/\/hyfac.fr\/en\/wp-json\/wp\/v2\/types\/post"}],"author":[{"embeddable":true,"href":"https:\/\/hyfac.fr\/en\/wp-json\/wp\/v2\/users\/1"}],"replies":[{"embeddable":true,"href":"https:\/\/hyfac.fr\/en\/wp-json\/wp\/v2\/comments?post=5122"}],"version-history":[{"count":4,"href":"https:\/\/hyfac.fr\/en\/wp-json\/wp\/v2\/posts\/5122\/revisions"}],"predecessor-version":[{"id":5127,"href":"https:\/\/hyfac.fr\/en\/wp-json\/wp\/v2\/posts\/5122\/revisions\/5127"}],"wp:featuredmedia":[{"embeddable":true,"href":"https:\/\/hyfac.fr\/en\/wp-json\/wp\/v2\/media\/5123"}],"wp:attachment":[{"href":"https:\/\/hyfac.fr\/en\/wp-json\/wp\/v2\/media?parent=5122"}],"wp:term":[{"taxonomy":"category","embeddable":true,"href":"https:\/\/hyfac.fr\/en\/wp-json\/wp\/v2\/categories?post=5122"},{"taxonomy":"post_tag","embeddable":true,"href":"https:\/\/hyfac.fr\/en\/wp-json\/wp\/v2\/tags?post=5122"}],"curies":[{"name":"wp","href":"https:\/\/api.w.org\/{rel}","templated":true}]}}