{"id":4322,"date":"2018-03-09T23:37:13","date_gmt":"2018-03-09T22:37:13","guid":{"rendered":"https:\/\/hyfac.fr\/?p=4322"},"modified":"2018-09-23T20:53:22","modified_gmt":"2018-09-23T18:53:22","slug":"keratoses-actiniques-prevention","status":"publish","type":"post","link":"https:\/\/hyfac.fr\/es\/sos-dermato\/4322-keratoses-actiniques-prevention\/","title":{"rendered":"Queratosis act\u00ednica y prevenci\u00f3n"},"content":{"rendered":"<p><img loading=\"lazy\" class=\"aligncenter size-full wp-image-4372\" src=\"https:\/\/hyfac.fr\/wp-content\/uploads\/2018\/03\/banniere_site_hyfac_intro_themes2.jpg\" alt=\"queratosis act\u00ednica\" width=\"3554\" height=\"700\" srcset=\"https:\/\/hyfac.fr\/wp-content\/uploads\/2018\/03\/banniere_site_hyfac_intro_themes2.jpg 3554w, https:\/\/hyfac.fr\/wp-content\/uploads\/2018\/03\/banniere_site_hyfac_intro_themes2-300x59.jpg 300w, https:\/\/hyfac.fr\/wp-content\/uploads\/2018\/03\/banniere_site_hyfac_intro_themes2-1024x202.jpg 1024w\" sizes=\"(max-width: 3554px) 100vw, 3554px\" \/><\/p>\n<h1 style=\"text-align: center;\"><span style=\"color: #11568c;\"><strong>\u00bfQu\u00e9 es la queratosis act\u00ednica? \u00bfC\u00f3mo se trata?<\/strong><\/span><\/h1>\n<p>Bajo el complicado nombre de queratosis act\u00ednica se esconde una de las afecciones cut\u00e1neas m\u00e1s comunes del mundo.<\/p>\n<p><img loading=\"lazy\" class=\"wp-image-4421 alignright\" src=\"https:\/\/hyfac.fr\/wp-content\/uploads\/2018\/03\/keratose-actinique-fotoker.jpeg\" alt=\"\" width=\"379\" height=\"271\" srcset=\"https:\/\/hyfac.fr\/wp-content\/uploads\/2018\/03\/keratose-actinique-fotoker.jpeg 388w, https:\/\/hyfac.fr\/wp-content\/uploads\/2018\/03\/keratose-actinique-fotoker-300x215.jpeg 300w\" sizes=\"(max-width: 379px) 100vw, 379px\" \/><\/p>\n<p align=\"justify\">Las queratosis act\u00ednicas son <strong><span style=\"color: #11568c;\">peque\u00f1as manchas<\/span><\/strong> plana o ligeramente elevada (ros\u00e1cea, amarillenta, a veces marr\u00f3n), \u00e1spera o rugosa al tacto, a menudo cubierta de una peque\u00f1a \"costra\" adherente, m\u00e1s o menos gruesa. Se dan exclusivamente en el <strong><span style=\"color: #11568c;\">\u00e1reas t\u00edpicamente expuestas a <a href=\"https:\/\/hyfac.fr\/es\/sos-dermato\/4324-le-soleil-et-la-peau\/\">sol<\/a><\/span>\u00a0<\/strong>: cara (frente, oreja, nariz), cuero cabelludo (en los calvos), cuello, escote, dorso de las manos y, a veces, en las piernas.<\/p>\n<p align=\"justify\">Se encuentran principalmente en personas con <strong><span style=\"color: #11568c;\">piel clara<\/span> <\/strong>(rojo, rubio, raramente en pieles oscuras y nunca en pieles negras) siendo a menudo <span style=\"color: #11568c;\"><strong>expuesta a la luz solar<\/strong><\/span>Se utilizan tanto para el ocio como para su actividad profesional (marineros, agricultores, deportistas, trabajadores de la construcci\u00f3n, etc.).<\/p>\n<p align=\"justify\">L'<a href=\"https:\/\/hyfac.fr\/es\/sos-dermato\/4324-le-soleil-et-la-peau\/\">exposici\u00f3n al sol<\/a> durante el verano no es el \u00fanico factor de riesgo. Estar al aire libre con regularidad y expuesto a los rayos del sol durante todo el a\u00f1o, incluso bajo cielos nublados, representa un riesgo importante de desarrollar queratosis act\u00ednicas.<\/p>\n<p><strong>\u00a0<\/strong><\/p>\n<h2><span style=\"color: #11568c;\"><strong>\u00bfC\u00f3mo se forman las queratosis act\u00ednicas?<\/strong><\/span><\/h2>\n<p align=\"justify\">Cuanto m\u00e1s envejece la piel, m\u00e1s queratosis act\u00ednicas aparecen. La piel recuerda la exposici\u00f3n al sol durante toda su vida <a href=\"https:\/\/hyfac.fr\/es\/sos-dermato\/4324-le-soleil-et-la-peau\/\">(capital del sol)<\/a>. Por lo tanto, lo m\u00e1s frecuente es <strong><span style=\"color: #11568c;\">despu\u00e9s de 50 a\u00f1os<\/span><\/strong> que aparecen las queratosis act\u00ednicas. Esto suele ir acompa\u00f1ado de un <strong><span style=\"color: #11568c;\">envejecimiento de la piel<\/span><\/strong> en las zonas expuestas. La piel se vuelve m\u00e1s fina, se forman l\u00edneas de expresi\u00f3n y aparecen peque\u00f1as manchas pigmentadas en la cara, el escote y el dorso de las manos.<\/p>\n<p align=\"justify\">Los rayos UV del sol atacan el ADN de las c\u00e9lulas de la piel y, a largo plazo, provocan mutaciones en los genes de estas c\u00e9lulas. Esto puede llevar al desarrollo de <strong><span style=\"color: #11568c;\">c\u00e9lulas cancerosas<\/span><\/strong>.<\/p>\n<p>&nbsp;<\/p>\n<h2><span style=\"color: #11568c;\"><strong>\u00bfLas queratosis act\u00ednicas son c\u00e1nceres de piel?<\/strong><\/span><\/h2>\n<p align=\"justify\">Las queratosis act\u00ednicas no son s\u00f3lo un problema cosm\u00e9tico, y deben ser tratadas muy seriamente por un dermat\u00f3logo. Su presencia significa que la piel ha sufrido un <strong><span style=\"color: #11568c;\">exposici\u00f3n cr\u00f3nica al sol<\/span><\/strong>. La piel es m\u00e1s propensa a desarrollar c\u00e1ncer en las zonas afectadas por queratosis act\u00ednicas. No todas las queratosis act\u00ednicas se convierten en c\u00e1ncer de piel, s\u00f3lo algunas de ellas.<\/p>\n<p align=\"justify\">Las queratosis act\u00ednicas son entonces un <strong><span style=\"color: #11568c;\">bandera roja<\/span><\/strong> lo que deber\u00eda conducir a una protecci\u00f3n sistem\u00e1tica durante las actividades al aire libre.<\/p>\n<p>&nbsp;<\/p>\n<h2><span style=\"color: #11568c;\"><strong>\u00bfC\u00f3mo tratar las queratosis act\u00ednicas?<\/strong><\/span><\/h2>\n<p align=\"justify\">Los dermat\u00f3logos suelen ver en consulta a pacientes con queratosis act\u00ednicas. Hay diferentes maneras de destruirlos. Sin embargo, la destrucci\u00f3n de las queratosis act\u00ednicas no es suficiente, por lo que es necesario <strong><span style=\"color: #11568c;\">prevenir su aparici\u00f3n<\/span><\/strong>. Hoy en d\u00eda, hay farmacias que venden <a href=\"https:\/\/hyfac.fr\/es\/nos-gammes\/fotoker-creme-dermatologique\/\">productos de prevenci\u00f3n<\/a> que no s\u00f3lo son protectores solares, sino que permiten <strong><span style=\"color: #11568c;\">reparar los da\u00f1os<\/span><\/strong> Esto es especialmente importante para los pacientes con piel clara. Esta prevenci\u00f3n es especialmente importante para los pacientes con una tez clara.<\/p>\n<p align=\"justify\">Tambi\u00e9n debe saber que la exposici\u00f3n al sol no siempre es voluntaria. Todo <a href=\"https:\/\/hyfac.fr\/es\/sos-dermato\/4324-le-soleil-et-la-peau\/\">rayos de sol<\/a> no nos calientan. Los rayos UV son fr\u00edos, por lo que no sentimos calor cuando nos exponemos a los rayos UV. Por ejemplo, no somos necesariamente conscientes de estar expuestos cuando est\u00e1 nublado en marzo. Sin embargo, la frecuencia de las queratosis act\u00ednicas es mayor en Normand\u00eda que en la costa mediterr\u00e1nea. Los normandos tienen la piel m\u00e1s clara y no desconf\u00edan del sol, incluso cuando el tiempo es fresco. Por lo tanto, es esencial <a href=\"https:\/\/hyfac.fr\/es\/sos-dermato\/4323-protection-et-creme-solaire-bien-proteger-sa-peau-face-au-soleil-hyfac\/\">proteja su piel<\/a>Tambi\u00e9n podemos proteger las zonas expuestas de la cara y las manos utilizando productos de protecci\u00f3n solar (anti UVA y UVB) todos los d\u00edas cuando salgamos.<\/p>\n<p>&nbsp;<\/p>\n<hr \/>","protected":false},"excerpt":{"rendered":"<p>\u00bfQu\u00e9 es la queratosis act\u00ednica? \u00bfC\u00f3mo se trata? La queratosis act\u00ednica es un nombre complicado para una de las afecciones cut\u00e1neas m\u00e1s comunes del mundo. Las queratosis act\u00ednicas son peque\u00f1as manchas planas o ligeramente elevadas (ros\u00e1ceas, amarillentas, a veces marrones) que son \u00e1speras o rugosas al tacto, a menudo cubiertas por una peque\u00f1a \"costra\" adherida, m\u00e1s o menos gruesa que la piel. <a class='lire-suite' href=\"https:\/\/hyfac.fr\/es\/sos-dermato\/4322-keratoses-actiniques-prevention\/\">Leer m\u00e1s &gt;&gt;&gt;<\/a><\/p>","protected":false},"author":1,"featured_media":4342,"comment_status":"closed","ping_status":"closed","sticky":false,"template":"","format":"en-passant","meta":{"_mi_skip_tracking":false,"spay_email":""},"categories":[86],"tags":[],"jetpack_featured_media_url":"https:\/\/hyfac.fr\/wp-content\/uploads\/2018\/03\/banniere_carree_site_hyfac_intro_themes2.jpg","_links":{"self":[{"href":"https:\/\/hyfac.fr\/es\/wp-json\/wp\/v2\/posts\/4322"}],"collection":[{"href":"https:\/\/hyfac.fr\/es\/wp-json\/wp\/v2\/posts"}],"about":[{"href":"https:\/\/hyfac.fr\/es\/wp-json\/wp\/v2\/types\/post"}],"author":[{"embeddable":true,"href":"https:\/\/hyfac.fr\/es\/wp-json\/wp\/v2\/users\/1"}],"replies":[{"embeddable":true,"href":"https:\/\/hyfac.fr\/es\/wp-json\/wp\/v2\/comments?post=4322"}],"version-history":[{"count":19,"href":"https:\/\/hyfac.fr\/es\/wp-json\/wp\/v2\/posts\/4322\/revisions"}],"predecessor-version":[{"id":5047,"href":"https:\/\/hyfac.fr\/es\/wp-json\/wp\/v2\/posts\/4322\/revisions\/5047"}],"wp:featuredmedia":[{"embeddable":true,"href":"https:\/\/hyfac.fr\/es\/wp-json\/wp\/v2\/media\/4342"}],"wp:attachment":[{"href":"https:\/\/hyfac.fr\/es\/wp-json\/wp\/v2\/media?parent=4322"}],"wp:term":[{"taxonomy":"category","embeddable":true,"href":"https:\/\/hyfac.fr\/es\/wp-json\/wp\/v2\/categories?post=4322"},{"taxonomy":"post_tag","embeddable":true,"href":"https:\/\/hyfac.fr\/es\/wp-json\/wp\/v2\/tags?post=4322"}],"curies":[{"name":"wp","href":"https:\/\/api.w.org\/{rel}","templated":true}]}}