{"id":14730,"date":"2020-12-03T16:33:00","date_gmt":"2020-12-03T15:33:00","guid":{"rendered":"https:\/\/hyfac.fr\/?p=14730"},"modified":"2020-12-03T16:37:38","modified_gmt":"2020-12-03T15:37:38","slug":"maskne-comment-lutter-contre-les-boutons-causes-par-le-port-du-masque","status":"publish","type":"post","link":"https:\/\/hyfac.fr\/lt\/accueil\/14730-maskne-comment-lutter-contre-les-boutons-causes-par-le-port-du-masque\/","title":{"rendered":"#MASKNE: KAIP KOVOTI SU SPUOGAIS, ATSIRADUSIAIS D\u0116VINT KAUK\u0118?"},"content":{"rendered":"<p><strong><span style=\"font-size: 18pt;\">#MASKNE: KAIP KOVOTI SU SPUOGAIS, ATSIRADUSIAIS D\u0116VINT KAUK\u0118?<\/span><\/strong><\/p>\n<p>Depuis quelques mois, le port prolong\u00e9 du masque de protection contre la COVID-19 fait fleurir les boutons sur le bas du visage (nez, joues, menton). Les peaux grasses \u00e0 tendance acn\u00e9ique sont les plus touch\u00e9es et observent une augmentation de l&#8217;acn\u00e9 en fr\u00e9quence et en intensit\u00e9 sur le bas du visage. Mais pas seulement ! Nous sommes tous plus ou moins concern\u00e9s, m\u00eame celles et ceux qui n\u2019avaient jamais eu d\u2019acn\u00e9 auparavant. Ce ph\u00e9nom\u00e8ne cutan\u00e9, le mascn\u00e9 ou maskn\u00e9 (contraction de masque et acn\u00e9) est un effet secondaire dont on se serait bien pass\u00e9s. Derri\u00e8re les masques, une v\u00e9ritable guerre des boutons est en train d\u2019\u00eatre men\u00e9e\u2026<\/p>\n<p><strong>Kod\u0117l po kauk\u0117s i\u0161kyla spuog\u0173?<\/strong><br \/>\nKauk\u0117 ant odos sukuria okliuzin\u012f barjer\u0105, kuris neleid\u017eia patekti virusams, bet taip pat trukdo oro cirkuliacijai. \u0160is nedidelis audinio gabal\u0117lis padidina vietin\u0119 \u0161ilum\u0105 ir sukuria \u0161ilt\u0105, dr\u0117gn\u0105 aplink\u0105, kuri\u0105 m\u0117gsta bakterijos. Be to, kauk\u0117s trynimas \u012f od\u0105 pa\u017eeid\u017eia odos barjer\u0105.<br \/>\nAgresyviai nusiteikusi, sudirgusi, u\u017edususi m\u016bs\u0173 oda pasiduoda. Bakterijos dauginasi, prakaitas ir riebalai nei\u0161siskiria: spuogai ir juodi ta\u0161keliai \u012fsitvirtina ir dauginasi.<\/p>\n<p><strong>Kokius produktus tur\u0117\u010diau naudoti #maskne kontrolei?<\/strong><br \/>\n\u017dinoma, maskne n\u0117ra prie\u017eastis suma\u017einti apsaugos priemones ir atsisakyti kauki\u0173, ta\u010diau tai dar viena prie\u017eastis pasir\u016bpinti savo oda naudojant prie situacijos pritaikytus produktus! \"HYFAC\" turime sprendim\u0105, kaip pad\u0117ti kaukei su specialiai jums pritaikyta proced\u016bra: valykite, dr\u0117kinkite ir saugokite savo od\u0105.<\/p>\n<p><strong>1.<\/strong> B\u016btina atlikti gilumin\u012f valym\u0105, bet ne bet kokiu produktu. \u0160velnus valiklis, kuris nedirgina ir nesausina odos, kurio sud\u0117tyje yra antibakterini\u0173 ingredient\u0173, bus geriausias j\u016bs\u0173 s\u0105jungininkas. <strong><a href=\"https:\/\/hyfac.fr\/lt\/nos-gammes\/hyfac-classique\/gel-nettoyant-purifiant\/\">Gelis<\/a>, <a href=\"https:\/\/hyfac.fr\/lt\/nos-gammes\/hyfac-classique\/pain-nettoyant-purifiant\/\">duona<\/a>, <a href=\"https:\/\/hyfac.fr\/lt\/nos-gammes\/hyfac-classique\/mousse-nettoyante-exfoliante\/\">putplastis<\/a><\/strong>Atraskite <a href=\"https:\/\/hyfac.fr\/lt\/nos-gammes\/\"><strong>m\u016bs\u0173 valom\u0173j\u0173 produkt\u0173 nuo spuog\u0173 asortimentas<\/strong><\/a> pritaikytas j\u016bs\u0173 odai, kad kovot\u0173 su bakterij\u0173 dauginimusi.<\/p>\n<p><strong>2.<\/strong> Vakare ant \u0161varios odos b\u016btina tepti dr\u0117kinam\u0105j\u012f krem\u0105 ir krem\u0105 nuo spuog\u0173, kad oda b\u016bt\u0173 pri\u017ei\u016br\u0117ta ir suma\u017e\u0117t\u0173 spuog\u0173 atsiradimas. Kasdien\u0117s odos prie\u017ei\u016bros priemon\u0117s tur\u0117t\u0173 b\u016bti dr\u0117kinan\u010dios, kad oda b\u016bt\u0173 raminama ir atkuriama. Jame taip pat tur\u0117t\u0173 b\u016bti nuo spuog\u0173 saugan\u010di\u0173 ingredient\u0173, pavyzd\u017eiui, vaisi\u0173 r\u016bg\u0161\u010di\u0173 (AHA), kurios \u0161vei\u010dia, valo ir kovoja su u\u017edegiminiais spuogais ir juodaisiais ta\u0161keliais. <a href=\"https:\/\/hyfac.fr\/lt\/nos-gammes\/hyfac-classique\/soin-global\/\"><strong>\"HYFAC Global Care<\/strong> <\/a>yra b\u016btinas vonios kambaryje. Jis u\u017etikrina \"4-in-1\" poveik\u012f: kovoja su u\u017edegiminiais spuogais ir juodaisiais ink\u0161tirais, matina ir dr\u0117kina.<\/p>\n<p><img loading=\"lazy\" class=\"aligncenter size-full wp-image-14750\" src=\"https:\/\/hyfac.fr\/wp-content\/uploads\/2020\/12\/tempImageWyWRXT.jpg\" alt=\"\" width=\"3024\" height=\"3024\" srcset=\"https:\/\/hyfac.fr\/wp-content\/uploads\/2020\/12\/tempImageWyWRXT.jpg 3024w, https:\/\/hyfac.fr\/wp-content\/uploads\/2020\/12\/tempImageWyWRXT-250x250.jpg 250w, https:\/\/hyfac.fr\/wp-content\/uploads\/2020\/12\/tempImageWyWRXT-300x300.jpg 300w, https:\/\/hyfac.fr\/wp-content\/uploads\/2020\/12\/tempImageWyWRXT-1024x1024.jpg 1024w\" sizes=\"(max-width: 3024px) 100vw, 3024px\" \/><\/p>\n<p><strong>3.<\/strong> J\u016bs\u0173 odai vis\u0105 dien\u0105 tenka didelis kr\u016bvis ir ji patiria \u012fvairias agresijas (kauk\u0117, \u0161altis, v\u0117jas, tar\u0161a, dirginimas ir kt.). Tod\u0117l kiekvien\u0105 ryt\u0105, prie\u0161 u\u017esid\u0117dami savo gra\u017eiausi\u0105 kauk\u0119, nepamir\u0161kite jos gerai sudr\u0117kinti <a href=\"https:\/\/hyfac.fr\/lt\/nos-gammes\/hydrafac\/creme-riche\/\"><strong>sodrus dr\u0117kinamasis kremas<\/strong><\/a> arba <a href=\"https:\/\/hyfac.fr\/lt\/nos-gammes\/hydrafac\/creme-legere\/\"><strong>\u0161iek tiek<\/strong><\/a> atsi\u017evelgiant \u012f j\u016bs\u0173 odos tip\u0105. Gerai sudr\u0117kinta oda yra sveika oda!<\/p>\n<p>Prie\u017ei\u016bra, pvz. <a href=\"https:\/\/hyfac.fr\/lt\/nos-gammes\/hyfac-woman\/gommage-douceur\/\"><strong>\u0161varkai<\/strong><\/a>pageidautina \u0161velniai, kad dar labiau nepa\u017eeist\u0173 odos, arba <a href=\"https:\/\/hyfac.fr\/lt\/nos-gammes\/hyfac-woman\/active-mask\/\"><strong>valomosios kauk\u0117s<\/strong><\/a> taip pat galima atlikti kart\u0105 ar du kartus per savait\u0119, kad palepintum\u0117te od\u0105 ir suteiktum\u0117te jai \u0161iek tiek komforto (jai to tikrai reikia!).<\/p>\n<p>R\u016bpinkit\u0117s savimi ir atsisveikinkite su spuogais!<\/p>","protected":false},"excerpt":{"rendered":"<p>#MASKNE : COMMENT LUTTER CONTRE LES BOUTONS CAUS\u00c9S PAR LE PORT DU MASQUE ? Depuis quelques mois, le port prolong\u00e9 du masque de protection contre la COVID-19 fait fleurir les boutons sur le bas du visage (nez, joues, menton). Les peaux grasses \u00e0 tendance acn\u00e9ique sont les plus touch\u00e9es et observent une augmentation de l&#8217;acn\u00e9\u2026 <a class='lire-suite' href=\"https:\/\/hyfac.fr\/lt\/accueil\/14730-maskne-comment-lutter-contre-les-boutons-causes-par-le-port-du-masque\/\">Skaityti daugiau &gt;&gt;&gt;<\/a><\/p>","protected":false},"author":1,"featured_media":14750,"comment_status":"closed","ping_status":"open","sticky":false,"template":"","format":"standard","meta":{"_mi_skip_tracking":false,"spay_email":""},"categories":[70,1,69,68,4],"tags":[],"jetpack_featured_media_url":"https:\/\/hyfac.fr\/wp-content\/uploads\/2020\/12\/tempImageWyWRXT.jpg","_links":{"self":[{"href":"https:\/\/hyfac.fr\/lt\/wp-json\/wp\/v2\/posts\/14730"}],"collection":[{"href":"https:\/\/hyfac.fr\/lt\/wp-json\/wp\/v2\/posts"}],"about":[{"href":"https:\/\/hyfac.fr\/lt\/wp-json\/wp\/v2\/types\/post"}],"author":[{"embeddable":true,"href":"https:\/\/hyfac.fr\/lt\/wp-json\/wp\/v2\/users\/1"}],"replies":[{"embeddable":true,"href":"https:\/\/hyfac.fr\/lt\/wp-json\/wp\/v2\/comments?post=14730"}],"version-history":[{"count":8,"href":"https:\/\/hyfac.fr\/lt\/wp-json\/wp\/v2\/posts\/14730\/revisions"}],"predecessor-version":[{"id":14757,"href":"https:\/\/hyfac.fr\/lt\/wp-json\/wp\/v2\/posts\/14730\/revisions\/14757"}],"wp:featuredmedia":[{"embeddable":true,"href":"https:\/\/hyfac.fr\/lt\/wp-json\/wp\/v2\/media\/14750"}],"wp:attachment":[{"href":"https:\/\/hyfac.fr\/lt\/wp-json\/wp\/v2\/media?parent=14730"}],"wp:term":[{"taxonomy":"category","embeddable":true,"href":"https:\/\/hyfac.fr\/lt\/wp-json\/wp\/v2\/categories?post=14730"},{"taxonomy":"post_tag","embeddable":true,"href":"https:\/\/hyfac.fr\/lt\/wp-json\/wp\/v2\/tags?post=14730"}],"curies":[{"name":"wp","href":"https:\/\/api.w.org\/{rel}","templated":true}]}}