{"id":4322,"date":"2018-03-09T23:37:13","date_gmt":"2018-03-09T22:37:13","guid":{"rendered":"https:\/\/hyfac.fr\/?p=4322"},"modified":"2018-09-23T20:53:22","modified_gmt":"2018-09-23T18:53:22","slug":"keratoses-actiniques-prevention","status":"publish","type":"post","link":"https:\/\/hyfac.fr\/lt\/sos-dermato\/4322-keratoses-actiniques-prevention\/","title":{"rendered":"Aktinin\u0117s keratoz\u0117s ir prevencija"},"content":{"rendered":"<p><img loading=\"lazy\" class=\"aligncenter size-full wp-image-4372\" src=\"https:\/\/hyfac.fr\/wp-content\/uploads\/2018\/03\/banniere_site_hyfac_intro_themes2.jpg\" alt=\"aktinin\u0117s keratoz\u0117s\" width=\"3554\" height=\"700\" srcset=\"https:\/\/hyfac.fr\/wp-content\/uploads\/2018\/03\/banniere_site_hyfac_intro_themes2.jpg 3554w, https:\/\/hyfac.fr\/wp-content\/uploads\/2018\/03\/banniere_site_hyfac_intro_themes2-300x59.jpg 300w, https:\/\/hyfac.fr\/wp-content\/uploads\/2018\/03\/banniere_site_hyfac_intro_themes2-1024x202.jpg 1024w\" sizes=\"(max-width: 3554px) 100vw, 3554px\" \/><\/p>\n<h1 style=\"text-align: center;\"><span style=\"color: #11568c;\"><strong>Kas yra aktinin\u0117 keratoz\u0117? Kaip jis gydomas?<\/strong><\/span><\/h1>\n<p>Po sud\u0117tingu aktinin\u0117s keratoz\u0117s pavadinimu slepiasi viena i\u0161 labiausiai paplitusi\u0173 odos lig\u0173 pasaulyje!<\/p>\n<p><img loading=\"lazy\" class=\"wp-image-4421 alignright\" src=\"https:\/\/hyfac.fr\/wp-content\/uploads\/2018\/03\/keratose-actinique-fotoker.jpeg\" alt=\"\" width=\"379\" height=\"271\" srcset=\"https:\/\/hyfac.fr\/wp-content\/uploads\/2018\/03\/keratose-actinique-fotoker.jpeg 388w, https:\/\/hyfac.fr\/wp-content\/uploads\/2018\/03\/keratose-actinique-fotoker-300x215.jpeg 300w\" sizes=\"(max-width: 379px) 100vw, 379px\" \/><\/p>\n<p align=\"justify\">Aktinin\u0117s keratoz\u0117s yra <strong><span style=\"color: #11568c;\">ma\u017eos d\u0117m\u0117s<\/span><\/strong> plok\u0161\u010dia arba \u0161iek tiek i\u0161kilusi (rausva, gelsva, kartais ruda), \u0161iurk\u0161ti arba \u0161iurk\u0161ti lie\u010diant, da\u017enai padengta nedidele prilipusia \"pluta\", daugiau ar ma\u017eiau stora. Jie aptinkami tik <strong><span style=\"color: #11568c;\">vietov\u0117s, kurias paprastai veikia <a href=\"https:\/\/hyfac.fr\/lt\/sos-dermato\/4324-le-soleil-et-la-peau\/\">saul\u0117<\/a><\/span>\u00a0<\/strong>: veidas (kakta, ausis, nosis), galvos oda (nuplikusiems \u017emon\u0117ms), kaklas, i\u0161kirpt\u0117, rank\u0173 nugar\u0117l\u0117, kartais kojos.<\/p>\n<p align=\"justify\">J\u0173 da\u017eniausiai pasitaiko \u017emon\u0117ms, sergantiems <strong><span style=\"color: #11568c;\">\u0161viesi oda<\/span> <\/strong>(raudona, \u0161viesiaplauk\u0117, retai ant tamsios odos ir niekada ant juodos odos) da\u017enai <span style=\"color: #11568c;\"><strong>veikiami saul\u0117s spinduli\u0173.<\/strong><\/span>Jie naudojami arba laisvalaikiui, arba profesinei veiklai (j\u016breiviai, \u016bkininkai, sportininkai, statybininkai ir t. t.).<\/p>\n<p align=\"justify\">L'<a href=\"https:\/\/hyfac.fr\/lt\/sos-dermato\/4324-le-soleil-et-la-peau\/\">saul\u0117s poveikis<\/a> vasar\u0105 n\u0117ra vienintelis rizikos veiksnys. Reguliariai b\u016bnant lauke ir visus metus veikiant saul\u0117s spinduliams, net ir esant debesuotam dangui, kyla didel\u0117 aktinin\u0117s keratoz\u0117s i\u0161sivystymo rizika.<\/p>\n<p><strong>\u00a0<\/strong><\/p>\n<h2><span style=\"color: #11568c;\"><strong>Kaip susidaro aktinin\u0117s keratoz\u0117s?<\/strong><\/span><\/h2>\n<p align=\"justify\">Kuo oda senesn\u0117, tuo daugiau aktinini\u0173 keratozi\u0173 atsiranda. Oda prisimena saul\u0117s poveik\u012f vis\u0105 savo gyvenim\u0105 <a href=\"https:\/\/hyfac.fr\/lt\/sos-dermato\/4324-le-soleil-et-la-peau\/\">(saul\u0117s sostin\u0117)<\/a>. Tod\u0117l da\u017eniausiai <strong><span style=\"color: #11568c;\">po 50 met\u0173<\/span><\/strong> atsiranda aktinin\u0117s keratoz\u0117s. Tai da\u017enai lydi <strong><span style=\"color: #11568c;\">odos sen\u0117jimas<\/span><\/strong> atvirose vietose. Oda plon\u0117ja, atsiranda smulki\u0173 rauk\u0161leli\u0173, o ant veido, i\u0161kirpt\u0117s ir pla\u0161tak\u0173 nugaros atsiranda ma\u017e\u0173 pigmentini\u0173 d\u0117meli\u0173.<\/p>\n<p align=\"justify\">UV saul\u0117s spinduliai pa\u017eeid\u017eia odos l\u0105steli\u0173 DNR ir ilgainiui sukelia \u0161i\u0173 l\u0105steli\u0173 gen\u0173 mutacijas. D\u0117l to gali i\u0161sivystyti <strong><span style=\"color: #11568c;\">v\u0117\u017eio l\u0105stel\u0117s<\/span><\/strong>.<\/p>\n<p>&nbsp;<\/p>\n<h2><span style=\"color: #11568c;\"><strong>Ar aktinin\u0117s keratoz\u0117s yra odos v\u0117\u017eys?<\/strong><\/span><\/h2>\n<p align=\"justify\">Aktinin\u0117s keratoz\u0117s yra ne tik kosmetin\u0117 problema, tod\u0117l jas labai rimtai turi gydyti gydytojas dermatologas. J\u0173 buvimas rei\u0161kia, kad oda buvo paveikta <strong><span style=\"color: #11568c;\">l\u0117tinis saul\u0117s poveikis<\/span><\/strong>. Aktinin\u0117s keratoz\u0117s pa\u017eeistose odos vietose yra didesn\u0117 tikimyb\u0117 susirgti v\u0117\u017eiu. Ne visos aktinin\u0117s keratoz\u0117s i\u0161sivysto \u012f odos v\u0117\u017e\u012f, tik kai kurios i\u0161 j\u0173.<\/p>\n<p align=\"justify\">Aktinin\u0117s keratoz\u0117s yra <strong><span style=\"color: #11568c;\">raudona v\u0117liava<\/span><\/strong> d\u0117l to tur\u0117t\u0173 b\u016bti u\u017etikrinta sisteminga apsauga u\u017esiimant veikla lauke.<\/p>\n<p>&nbsp;<\/p>\n<h2><span style=\"color: #11568c;\"><strong>Kaip gydyti aktinines keratozes?<\/strong><\/span><\/h2>\n<p align=\"justify\">Dermatologai da\u017enai konsultuoja pacientus, sergan\u010dius aktinin\u0117mis keratoz\u0117mis. Yra \u012fvairi\u0173 b\u016bd\u0173 juos sunaikinti. Ta\u010diau aktinini\u0173 keratozi\u0173 sunaikinti nepakanka, tod\u0117l b\u016btina <strong><span style=\"color: #11568c;\">u\u017ekirsti keli\u0105 j\u0173 atsiradimui.<\/span><\/strong>. \u0160iandien yra vaistini\u0173, kurios parduoda <a href=\"https:\/\/hyfac.fr\/lt\/nos-gammes\/fotoker-creme-dermatologique\/\">prevenciniai produktai<\/a> kurie ne tik apsaugo nuo saul\u0117s, bet ir leid\u017eia <strong><span style=\"color: #11568c;\">taisyti \u017eal\u0105<\/span><\/strong> Tai ypa\u010d svarbu \u0161viesios odos pacientams. \u0160i prevencija ypa\u010d svarbi \u0161viesios odos spalvos pacientams.<\/p>\n<p align=\"justify\">Taip pat tur\u0117tum\u0117te \u017einoti, kad ne visada saul\u0117 yra savanori\u0161ka. Visi <a href=\"https:\/\/hyfac.fr\/lt\/sos-dermato\/4324-le-soleil-et-la-peau\/\">saul\u0117s spinduliai<\/a> nesu\u0161ildykite m\u016bs\u0173. UV spinduliai yra \u0161alti, tod\u0117l veikiami UV spinduli\u0173 nejau\u010diame \u0161ilumos. Pavyzd\u017eiui, neb\u016btinai \u017einome, kad esame veikiami, kai kovo m\u0117nes\u012f yra debesuota. Ta\u010diau Normandijoje aktinini\u0173 keratozi\u0173 pasitaiko da\u017eniau nei Vidur\u017eemio j\u016bros pakrant\u0117je. Normand\u0173 oda \u0161viesesn\u0117, tod\u0117l jie nesibaimina saul\u0117s, net kai oras v\u0117sus. Tod\u0117l labai svarbu <a href=\"https:\/\/hyfac.fr\/lt\/sos-dermato\/4323-protection-et-creme-solaire-bien-proteger-sa-peau-face-au-soleil-hyfac\/\">apsaugokite savo od\u0105<\/a>Taip pat galime apsaugoti atviras veido ir rank\u0173 vietas naudodami apsaugos nuo saul\u0117s priemones (nuo UVA ir UVB spinduli\u0173) kiekvien\u0105 dien\u0105, kai einame \u012f lauk\u0105!<\/p>\n<p>&nbsp;<\/p>\n<hr \/>","protected":false},"excerpt":{"rendered":"<p>Kas yra aktinin\u0117 keratoz\u0117? Kaip jis gydomas? Aktinin\u0117 keratoz\u0117 - tai sud\u0117tingas vienos i\u0161 labiausiai paplitusi\u0173 odos lig\u0173 pasaulyje pavadinimas! Aktinin\u0117s keratoz\u0117s - tai nedidel\u0117s plok\u0161\u010dios arba \u0161iek tiek i\u0161kilusios d\u0117mel\u0117s (rausvos, gelsvos, kartais rudos spalvos), kurios yra \u0161iurk\u0161\u010dios arba \u0161iurk\u0161\u010dios lie\u010diant, da\u017enai padengtos nedidele prigludusia \"pluta\", daugiau ar ma\u017eiau storesne u\u017e od\u0105. <a class='lire-suite' href=\"https:\/\/hyfac.fr\/lt\/sos-dermato\/4322-keratoses-actiniques-prevention\/\">Skaityti daugiau &gt;&gt;&gt;<\/a><\/p>","protected":false},"author":1,"featured_media":4342,"comment_status":"closed","ping_status":"closed","sticky":false,"template":"","format":"en-passant","meta":{"_mi_skip_tracking":false,"spay_email":""},"categories":[86],"tags":[],"jetpack_featured_media_url":"https:\/\/hyfac.fr\/wp-content\/uploads\/2018\/03\/banniere_carree_site_hyfac_intro_themes2.jpg","_links":{"self":[{"href":"https:\/\/hyfac.fr\/lt\/wp-json\/wp\/v2\/posts\/4322"}],"collection":[{"href":"https:\/\/hyfac.fr\/lt\/wp-json\/wp\/v2\/posts"}],"about":[{"href":"https:\/\/hyfac.fr\/lt\/wp-json\/wp\/v2\/types\/post"}],"author":[{"embeddable":true,"href":"https:\/\/hyfac.fr\/lt\/wp-json\/wp\/v2\/users\/1"}],"replies":[{"embeddable":true,"href":"https:\/\/hyfac.fr\/lt\/wp-json\/wp\/v2\/comments?post=4322"}],"version-history":[{"count":19,"href":"https:\/\/hyfac.fr\/lt\/wp-json\/wp\/v2\/posts\/4322\/revisions"}],"predecessor-version":[{"id":5047,"href":"https:\/\/hyfac.fr\/lt\/wp-json\/wp\/v2\/posts\/4322\/revisions\/5047"}],"wp:featuredmedia":[{"embeddable":true,"href":"https:\/\/hyfac.fr\/lt\/wp-json\/wp\/v2\/media\/4342"}],"wp:attachment":[{"href":"https:\/\/hyfac.fr\/lt\/wp-json\/wp\/v2\/media?parent=4322"}],"wp:term":[{"taxonomy":"category","embeddable":true,"href":"https:\/\/hyfac.fr\/lt\/wp-json\/wp\/v2\/categories?post=4322"},{"taxonomy":"post_tag","embeddable":true,"href":"https:\/\/hyfac.fr\/lt\/wp-json\/wp\/v2\/tags?post=4322"}],"curies":[{"name":"wp","href":"https:\/\/api.w.org\/{rel}","templated":true}]}}